{"id":986,"date":"2019-05-14T15:14:43","date_gmt":"2019-05-14T15:14:43","guid":{"rendered":"http:\/\/dimbach-pfalz.de\/?p=986"},"modified":"2019-07-21T10:15:21","modified_gmt":"2019-07-21T10:15:21","slug":"europaeische-gemeindepartnerschaft-mit-dimbach-in-oberoesterreich","status":"publish","type":"post","link":"http:\/\/dimbach-pfalz.de\/?p=986","title":{"rendered":"Europ\u00e4ische Gemeindepartnerschaft mit  Dimbach in Ober\u00f6sterreich"},"content":{"rendered":"\n<p>Am Dienstag, 30. April 2019 wurde in \u00d6sterreich die Partnerschaft offiziell beurkundet. <\/p>\n\n\n\n<figure class=\"wp-block-image\"><img loading=\"lazy\" decoding=\"async\" width=\"1024\" height=\"765\" src=\"http:\/\/dimbach-pfalz.de\/wp-content\/uploads\/2019\/07\/HB-0-1024x765.jpg\" alt=\"\" class=\"wp-image-989\"\/><figcaption>Beurkundung der Europ\u00e4ischen Gemeindepartnerschaft <br>(v.l.: stellv. B\u00fcrgerm. Fenster, die B\u00fcrgermeister Wiesinger und Funck, Ratsmitglied Funck)<br>Foto: Claudia Funck<\/figcaption><\/figure>\n\n\n\n<p>Die bereits seit 2015 bestehende Freundschaft wurde zwischenzeitlich durch gegenseitige Besuche der Gemeindef\u00fchrungen gefestigt und die Zustimmung beider Gemeinder\u00e4te dazu erteilt. Daher war es f\u00fcr den Initiator und B\u00fcrgermeister Josef Wiesinger aus Dimbach in Ober\u00f6sterreich eine ganz besondere Freude in seiner Heimatgemeinde diese l\u00e4nder\u00fcbergreifende Gemeindepartnerschaft besiegeln zu d\u00fcrfen. <\/p>\n\n\n\n<div class=\"wp-block-image\"><figure class=\"alignleft\"><img loading=\"lazy\" decoding=\"async\" width=\"300\" height=\"200\" src=\"http:\/\/dimbach-pfalz.de\/wp-content\/uploads\/2019\/07\/IMG_8696-300x200.jpg\" alt=\"\" class=\"wp-image-990\"\/><figcaption>Gruppenfoto vor dem Dimbacher Gemeindeamt<br>Foto: Tobias Funck<\/figcaption><\/figure><\/div>\n\n\n\n<p>Es gibt zwar in Deutschland  zwei weitere Orte mit dem Namen Dimbach, jedoch sind dies Stadtteile von gr\u00f6\u00dferen Gemeinden. Damit d\u00fcrfte diese europ\u00e4ische Partnerschaft zwischen den beiden eigenst\u00e4ndigen Dimbacher Gemeinden etwas ganz Besonderes sein.  <\/p>\n\n\n\n<div class=\"wp-block-image\"><figure class=\"alignright\"><img loading=\"lazy\" decoding=\"async\" width=\"300\" height=\"200\" src=\"http:\/\/dimbach-pfalz.de\/wp-content\/uploads\/2019\/07\/IMG_8402-300x200.jpg\" alt=\"\" class=\"wp-image-991\"\/><figcaption>Beim Besuch auf Schloss Greinburg in Grein<br>Foto: Unsere tolle G\u00e4stef\u00fchrerin <\/figcaption><\/figure><\/div>\n\n\n\n<div class=\"wp-block-image\"><figure class=\"alignleft\"><img loading=\"lazy\" decoding=\"async\" width=\"300\" height=\"200\" src=\"http:\/\/dimbach-pfalz.de\/wp-content\/uploads\/2019\/07\/IMG_8428-300x200.jpg\" alt=\"\" class=\"wp-image-993\"\/><figcaption>Blick auf die Donaustadt Grein<br>Foto: Tobias Funck<\/figcaption><\/figure><\/div>\n\n\n\n<p>Beide Ortsb\u00fcrgermeister waren sich einig, dass in den kommenden Jahren die Partnerschaft weiter gefestigt werden soll. Dazu sind vor allem Begegnungen der beiden Dimbacher Gemeinden und ihrer B\u00fcrger geplant, um die entstandene Freundschaft weiter auszubauen und zu vertiefen.<\/p>\n\n\n\n<p> In der Vergangenheit waren die stattgefundenen Treffen in beiden Gemeinden gepr\u00e4gt von einem sehr freundschaftlichen und herzlichen Verh\u00e4ltnis, was f\u00fcr die positive Entwicklung dieser Partnerschaft auch zuk\u00fcnftig beibehalten werden soll. <\/p>\n\n\n\n<p><\/p>\n\n\n\n<p>Mehr zu unserer Partnergemeinde auf: <a href=\"http:\/\/www.dimbach.at\">www.dimbach.at<\/a><\/p>\n","protected":false},"excerpt":{"rendered":"<p>Am Dienstag, 30. April 2019 wurde in \u00d6sterreich die Partnerschaft offiziell beurkundet. Die bereits seit 2015 bestehende Freundschaft wurde zwischenzeitlich durch gegenseitige Besuche der Gemeindef\u00fchrungen gefestigt und die Zustimmung beider Gemeinder\u00e4te dazu erteilt. Daher war es f\u00fcr den Initiator und &hellip; <a href=\"http:\/\/dimbach-pfalz.de\/?p=986\">Weiterlesen <span class=\"meta-nav\">&rarr;<\/span><\/a><\/p>\n","protected":false},"author":2,"featured_media":0,"comment_status":"open","ping_status":"open","sticky":false,"template":"","format":"standard","meta":{"footnotes":""},"categories":[1],"tags":[],"_links":{"self":[{"href":"http:\/\/dimbach-pfalz.de\/index.php?rest_route=\/wp\/v2\/posts\/986"}],"collection":[{"href":"http:\/\/dimbach-pfalz.de\/index.php?rest_route=\/wp\/v2\/posts"}],"about":[{"href":"http:\/\/dimbach-pfalz.de\/index.php?rest_route=\/wp\/v2\/types\/post"}],"author":[{"embeddable":true,"href":"http:\/\/dimbach-pfalz.de\/index.php?rest_route=\/wp\/v2\/users\/2"}],"replies":[{"embeddable":true,"href":"http:\/\/dimbach-pfalz.de\/index.php?rest_route=%2Fwp%2Fv2%2Fcomments&post=986"}],"version-history":[{"count":15,"href":"http:\/\/dimbach-pfalz.de\/index.php?rest_route=\/wp\/v2\/posts\/986\/revisions"}],"predecessor-version":[{"id":1023,"href":"http:\/\/dimbach-pfalz.de\/index.php?rest_route=\/wp\/v2\/posts\/986\/revisions\/1023"}],"wp:attachment":[{"href":"http:\/\/dimbach-pfalz.de\/index.php?rest_route=%2Fwp%2Fv2%2Fmedia&parent=986"}],"wp:term":[{"taxonomy":"category","embeddable":true,"href":"http:\/\/dimbach-pfalz.de\/index.php?rest_route=%2Fwp%2Fv2%2Fcategories&post=986"},{"taxonomy":"post_tag","embeddable":true,"href":"http:\/\/dimbach-pfalz.de\/index.php?rest_route=%2Fwp%2Fv2%2Ftags&post=986"}],"curies":[{"name":"wp","href":"https:\/\/api.w.org\/{rel}","templated":true}]}}