{"id":964,"date":"2019-05-19T09:07:36","date_gmt":"2019-05-19T09:07:36","guid":{"rendered":"http:\/\/dimbach-pfalz.de\/?p=964"},"modified":"2019-07-14T15:43:07","modified_gmt":"2019-07-14T15:43:07","slug":"einweihung-geologischer-lern-und-lehrpfad-auf-dem-dbhw","status":"publish","type":"post","link":"http:\/\/dimbach-pfalz.de\/?p=964","title":{"rendered":"Einweihung des geologischen Lern- und Lehrpfades          auf dem Dimbacher Buntsandstein H\u00f6henweg"},"content":{"rendered":"\n<p><\/p>\n\n\n<p style=\"text-align: center;\">Am Sonntag, 19. Mai wurde der neue Lern- und Lehrpfad er\u00f6ffnet und bietet nun viele fachliche Informationen zum Thema Natur, Umwelt und Buntsandstein.<\/p>\n<div id=\"attachment_1011\" style=\"width: 594px\" class=\"wp-caption aligncenter\"><img loading=\"lazy\" decoding=\"async\" aria-describedby=\"caption-attachment-1011\" class=\"wp-image-1011 size-large\" src=\"http:\/\/dimbach-pfalz.de\/wp-content\/uploads\/2019\/05\/IMG_8770-1024x683.jpg\" alt=\"\" width=\"584\" height=\"390\" \/><p id=\"caption-attachment-1011\" class=\"wp-caption-text\">von links: Jochen Krehb\u00fchl (Stiftung Natur und Umwelt), Ulrike H\u00f6fken (Landesministerin f\u00fcr Umwelt), Thomas Funck (Ortsb\u00fcrgermeister Dimbach), Dr. Susanne Ganster (Landr\u00e4tin Kreis SWP), Prof. Dr. Henninger (Universit\u00e4t KL), Werner K\u00f6lsch (B\u00fcrgermeister VG Hauenstein) Foto: Tobias Funck<\/p><\/div>\n<p style=\"text-align: center;\">\u00a0<\/p>\n<p style=\"text-align: center;\">Einen ausf\u00fchrlichen Bericht findet man dazu unter:<\/p>\n<p style=\"text-align: center;\"><a href=\"https:\/\/www.wochenblatt-reporter.de\/hauenstein\/c-lokales\/dimbacher-buntsandstein-hoehenweg-mit-lehr-und-lernpfad-aufgewertet_a87556\" target=\"_blank\" rel=\"noopener noreferrer\">Bericht zur Einweihung des Lern, und Lehrpfades<\/a><\/p>","protected":false},"excerpt":{"rendered":"<p>Am Sonntag, 19. Mai wurde der neue Lern- und Lehrpfad er\u00f6ffnet und bietet nun viele fachliche Informationen zum Thema Natur, Umwelt und Buntsandstein. \u00a0 Einen ausf\u00fchrlichen Bericht findet man dazu unter: Bericht zur Einweihung des Lern, und Lehrpfades<\/p>\n","protected":false},"author":2,"featured_media":0,"comment_status":"open","ping_status":"open","sticky":false,"template":"","format":"standard","meta":{"footnotes":""},"categories":[1],"tags":[],"_links":{"self":[{"href":"http:\/\/dimbach-pfalz.de\/index.php?rest_route=\/wp\/v2\/posts\/964"}],"collection":[{"href":"http:\/\/dimbach-pfalz.de\/index.php?rest_route=\/wp\/v2\/posts"}],"about":[{"href":"http:\/\/dimbach-pfalz.de\/index.php?rest_route=\/wp\/v2\/types\/post"}],"author":[{"embeddable":true,"href":"http:\/\/dimbach-pfalz.de\/index.php?rest_route=\/wp\/v2\/users\/2"}],"replies":[{"embeddable":true,"href":"http:\/\/dimbach-pfalz.de\/index.php?rest_route=%2Fwp%2Fv2%2Fcomments&post=964"}],"version-history":[{"count":6,"href":"http:\/\/dimbach-pfalz.de\/index.php?rest_route=\/wp\/v2\/posts\/964\/revisions"}],"predecessor-version":[{"id":1013,"href":"http:\/\/dimbach-pfalz.de\/index.php?rest_route=\/wp\/v2\/posts\/964\/revisions\/1013"}],"wp:attachment":[{"href":"http:\/\/dimbach-pfalz.de\/index.php?rest_route=%2Fwp%2Fv2%2Fmedia&parent=964"}],"wp:term":[{"taxonomy":"category","embeddable":true,"href":"http:\/\/dimbach-pfalz.de\/index.php?rest_route=%2Fwp%2Fv2%2Fcategories&post=964"},{"taxonomy":"post_tag","embeddable":true,"href":"http:\/\/dimbach-pfalz.de\/index.php?rest_route=%2Fwp%2Fv2%2Ftags&post=964"}],"curies":[{"name":"wp","href":"https:\/\/api.w.org\/{rel}","templated":true}]}}