{"id":596,"date":"2017-10-22T06:07:24","date_gmt":"2017-10-22T06:07:24","guid":{"rendered":"http:\/\/dimbach-pfalz.de\/?p=596"},"modified":"2023-11-13T16:40:19","modified_gmt":"2023-11-13T16:40:19","slug":"besuch-im-oestereichischen-dimbach","status":"publish","type":"post","link":"http:\/\/dimbach-pfalz.de\/?p=596","title":{"rendered":"Besuch im \u00f6sterreichischen Dimbach"},"content":{"rendered":"<div id=\"attachment_605\" style=\"width: 514px\" class=\"wp-caption aligncenter\"><a href=\"http:\/\/www.dimbach.at\/\" target=\"_blank\" rel=\"noopener\"><img loading=\"lazy\" decoding=\"async\" aria-describedby=\"caption-attachment-605\" class=\"wp-image-605 size-full\" title=\"http:\/\/www.dimbach.at\/\" src=\"http:\/\/dimbach-pfalz.de\/wp-content\/uploads\/2017\/10\/00a.jpg\" alt=\"\" width=\"504\" height=\"200\" srcset=\"http:\/\/dimbach-pfalz.de\/wp-content\/uploads\/2017\/10\/00a.jpg 504w, http:\/\/dimbach-pfalz.de\/wp-content\/uploads\/2017\/10\/00a-300x119.jpg 300w, http:\/\/dimbach-pfalz.de\/wp-content\/uploads\/2017\/10\/00a-500x198.jpg 500w\" sizes=\"(max-width: 504px) 100vw, 504px\" \/><\/a><p id=\"caption-attachment-605\" class=\"wp-caption-text\">www.dimbach.at<\/p><\/div>\n<h4 style=\"text-align: center;\">Anfang Oktober besuchte Ortsb\u00fcrgermeister Funck mit seiner Familie das \u00f6sterreichische Dimbach.<\/h4>\n<h4 style=\"text-align: center;\">Mit seinen 1020 Einwohnern befindet es sich 150 Kilometer vor Wien und es ist das einzige von nur vier Dimbacher Orten, welches nicht in Deutschland zu finden ist.<\/h4>\n<h4 style=\"text-align: center;\">Die Marktgemeinde setzt sich aus mehreren Ortschaften zusammen, wie z.B.: Dimbachreith sowie Vorderdimbach. Alle Orte werden eigenst\u00e4ndig in Dimbach auf dem dortigen Gemeindeamt von B\u00fcrgermeister Josef Wiesinger verwaltet. Als eine der h\u00f6chst gelegenen Gemeinden des Bezirkes Perg erfreut man sich in diesem idyllischen Ort auf 680 m Seeh\u00f6he an \u00fcber 1.700 Sonnenstunden im Jahr!<\/h4>\n<h4 style=\"text-align: center;\">&#8230;&#8230;&#8230;&#8230;&#8230;&#8230;.<\/h4>\n<h4><\/h4>\n<h4><\/h4>\n<p>&nbsp;<\/p>\n<p style=\"text-align: center;\"><strong>Reisebericht<\/strong><\/p>\n<p>Ein bereits seit l\u00e4ngerem angedachtes Treffen konnte vor wenigen Wochen im<\/p>\n<div id=\"attachment_610\" style=\"width: 310px\" class=\"wp-caption alignright\"><img loading=\"lazy\" decoding=\"async\" aria-describedby=\"caption-attachment-610\" class=\"wp-image-610 size-medium\" src=\"http:\/\/dimbach-pfalz.de\/wp-content\/uploads\/2017\/10\/DSCI1585-300x225.jpg\" alt=\"\" width=\"300\" height=\"225\"><p id=\"caption-attachment-610\" class=\"wp-caption-text\">Das Dimbacher Gemeindeamt (Foto: Funck)<\/p><\/div>\n<p>sch\u00f6nen Strudengau in Ober\u00f6sterreich realisiert werden. Am 4. Oktober 2017 wurden wir von B\u00fcrgermeister Josef Wiesinger und seiner Frau Hilda aufs Herzlichste am Gemeindehaus in Dimbach begr\u00fc\u00dft.<\/p>\n<h4><\/h4>\n<h4>Zun\u00e4chst ging es am Vormittag gemeinsam in die Nachbargemeinde St. Thomas am<\/h4>\n<div id=\"attachment_614\" style=\"width: 310px\" class=\"wp-caption alignleft\"><img loading=\"lazy\" decoding=\"async\" aria-describedby=\"caption-attachment-614\" class=\"wp-image-614 size-medium\" src=\"http:\/\/dimbach-pfalz.de\/wp-content\/uploads\/2017\/10\/00-300x200.jpg\" alt=\"\" width=\"300\" height=\"200\"><p id=\"caption-attachment-614\" class=\"wp-caption-text\">Der \u201eBlasenstein-Bucklwehluck\u00b4n\u201c (Foto:Funck)<\/p><\/div>\n<p>Blasenstein zu einem Besuch des dortigen Wallfahrtortes mit seinem \u201eluftg\u00b4selchten Pfarrer\u201c und dem \u201eBlasenstein-Bucklwehluck\u00b4n\u201c, sowie dem dortigen einzigartigen Puppenmuseum.<\/p>\n<p>Mittags ging es dann zur\u00fcck in Josef\u00b4s&nbsp; Heimatgemeinde zu einer offiziellen Begr\u00fc\u00dfung im Dimbacher Gemeindeamt mit weiteren Vertretern des Ortes.<\/p>\n<p>Bei einer kurzen historischen Einf\u00fchrung zu Dimbach konnte man bereits die ersten Gemeinsamkeiten unserer beiden Orte feststellen.<\/p>\n<div id=\"attachment_617\" style=\"width: 310px\" class=\"wp-caption alignright\"><img loading=\"lazy\" decoding=\"async\" aria-describedby=\"caption-attachment-617\" class=\"wp-image-617 size-medium\" src=\"http:\/\/dimbach-pfalz.de\/wp-content\/uploads\/2017\/10\/IMG_20171004_145024-300x225.jpg\" alt=\"\" width=\"300\" height=\"225\"><p id=\"caption-attachment-617\" class=\"wp-caption-text\">Der Proberaum des Dimbacher Musikvereines (Foto: Funck)<\/p><\/div>\n<p>Sowohl die Ortsfarben als auch Symbole im Gemeindewappen und die historische Namensfindung sind teilweise fast identisch. Anschlie\u00dfend f\u00fchrte uns Josef durch seine Amtsr\u00e4ume, den Kindergarten, die Dimbacher Volksschule mit Turnhalle, sowie den Proberaum des Musikvereines. Alles auf dem neuesten Stand und mehr als beeindruckend f\u00fcr eine Gemeinde in dieser Gr\u00f6\u00dfenordnung.<\/p>\n<p>Dies gilt auch f\u00fcr den Dimbacher \u201eSupermarkt\u201c mit kleinem Cafe, welchen die Gemeinde seit mehr als 10 Jahren \u00fcber einen Verein in Eigenregie betreibt.<\/p>\n<div id=\"attachment_621\" style=\"width: 310px\" class=\"wp-caption alignleft\"><img loading=\"lazy\" decoding=\"async\" aria-describedby=\"caption-attachment-621\" class=\"wp-image-621 size-medium\" src=\"http:\/\/dimbach-pfalz.de\/wp-content\/uploads\/2017\/10\/DSCI1805-300x225.jpg\" alt=\"\" width=\"300\" height=\"225\"><p id=\"caption-attachment-621\" class=\"wp-caption-text\">Herstellung der Dimbacher Schecken (Foto: Funck)<\/p><\/div>\n<p>Direkt im Anschluss besuchten wir das Geburtshaus des Komponisten Franz-Xaver M\u00fcller, welcher Ende des 19. Jahrhunderts in Dimbach geboren wurde und was gerade aufwendig restauriert wird. Hier gab es eine Vorf\u00fchrung zur Herstellung der \u201eDimbacher Schecken\u201c \u2013 eine Besonderheit dieser Gegend: Aus Schafwolle hergestellte und selbst gestrickte F\u00e4ustlinge, die von den Fuhrleuten und den Fl\u00f6\u00dfern der Donau fr\u00fcher getragen wurden.<\/p>\n<div id=\"attachment_623\" style=\"width: 310px\" class=\"wp-caption alignright\"><img loading=\"lazy\" decoding=\"async\" aria-describedby=\"caption-attachment-623\" class=\"wp-image-623 size-medium\" src=\"http:\/\/dimbach-pfalz.de\/wp-content\/uploads\/2017\/10\/09-300x225.jpg\" alt=\"\" width=\"300\" height=\"225\" srcset=\"http:\/\/dimbach-pfalz.de\/wp-content\/uploads\/2017\/10\/09-300x225.jpg 300w, http:\/\/dimbach-pfalz.de\/wp-content\/uploads\/2017\/10\/09-400x300.jpg 400w, http:\/\/dimbach-pfalz.de\/wp-content\/uploads\/2017\/10\/09.jpg 600w\" sizes=\"(max-width: 300px) 100vw, 300px\" \/><p id=\"caption-attachment-623\" class=\"wp-caption-text\">Das neue Gemeindehaus (Foto: Funck)<\/p><\/div>\n<p>Nach einer Kaffeepause mit den Gemeindevertretern im angrenzenden, ebenfalls neu gebauten Gemeindehaus, begab man sich gemeinsam mit allen Anwesenden auf einen Ortsrundgang.<\/p>\n<p>&nbsp;<\/p>\n<p>&nbsp;<\/p>\n<div id=\"attachment_624\" style=\"width: 310px\" class=\"wp-caption alignleft\"><img loading=\"lazy\" decoding=\"async\" aria-describedby=\"caption-attachment-624\" class=\"wp-image-624 size-medium\" src=\"http:\/\/dimbach-pfalz.de\/wp-content\/uploads\/2017\/10\/DSCI1929-300x225.jpg\" alt=\"\" width=\"300\" height=\"225\"><p id=\"caption-attachment-624\" class=\"wp-caption-text\">Dimbacher Kr\u00e4uterfee Maria zeigt ihre Cola-Pflanze (Foto: Funck)<\/p><\/div>\n<div id=\"attachment_628\" style=\"width: 310px\" class=\"wp-caption alignright\"><img loading=\"lazy\" decoding=\"async\" aria-describedby=\"caption-attachment-628\" class=\"wp-image-628 size-medium\" src=\"http:\/\/dimbach-pfalz.de\/wp-content\/uploads\/2017\/10\/07-300x169.jpg\" alt=\"\" width=\"300\" height=\"169\" srcset=\"http:\/\/dimbach-pfalz.de\/wp-content\/uploads\/2017\/10\/07-300x169.jpg 300w, http:\/\/dimbach-pfalz.de\/wp-content\/uploads\/2017\/10\/07-768x432.jpg 768w, http:\/\/dimbach-pfalz.de\/wp-content\/uploads\/2017\/10\/07-1024x576.jpg 1024w, http:\/\/dimbach-pfalz.de\/wp-content\/uploads\/2017\/10\/07-500x281.jpg 500w, http:\/\/dimbach-pfalz.de\/wp-content\/uploads\/2017\/10\/07.jpg 1200w\" sizes=\"(max-width: 300px) 100vw, 300px\" \/><p id=\"caption-attachment-628\" class=\"wp-caption-text\">Dimbacher Feuerwehr<\/p><\/div>\n<p>Zuerst ging es zum Kr\u00e4utergarten, wo wir von Kr\u00e4uterfee Maria neben unz\u00e4hligen Heilpflanzen auch die dort heimische Dimbacher Cola-Pflanze pr\u00e4sentiert bekamen. Danach ging es weiter zum Obstpfad von Biobauer Karl, vorbei an der von Josef&nbsp; neu errichteten Hubertuskapelle weiter zum keltischen Baumkreis. Dieser wurde ebenfalls vom Dimbacher Biobauer gestaltet und \u00fcber F\u00f6rdergelder finanziert.<\/p>\n<div id=\"attachment_630\" style=\"width: 235px\" class=\"wp-caption alignleft\"><img loading=\"lazy\" decoding=\"async\" aria-describedby=\"caption-attachment-630\" class=\"wp-image-630 size-medium\" src=\"http:\/\/dimbach-pfalz.de\/wp-content\/uploads\/2017\/10\/IMG_1518-e1508921164903-225x300.jpg\" alt=\"\" width=\"225\" height=\"300\" srcset=\"http:\/\/dimbach-pfalz.de\/wp-content\/uploads\/2017\/10\/IMG_1518-e1508921164903-225x300.jpg 225w, http:\/\/dimbach-pfalz.de\/wp-content\/uploads\/2017\/10\/IMG_1518-e1508921164903-768x1024.jpg 768w, http:\/\/dimbach-pfalz.de\/wp-content\/uploads\/2017\/10\/IMG_1518-e1508921164903.jpg 900w\" sizes=\"(max-width: 225px) 100vw, 225px\" \/><p id=\"caption-attachment-630\" class=\"wp-caption-text\">Dimbacher Wallfahrtskirche (Foto: Funck)<\/p><\/div>\n<p>&nbsp;<\/p>\n<p>Als letzte Station des Rundganges gab es noch einen Besuch bei der Dimbacher Feuerwehr, die uns vom Kommandant Johann vorgestellt wurde. Ein abschlie\u00dfendes gemeinsames Abendessen mit den Gemeindevertretern rundete den eindrucksvollen Tag in Dimbach ab.<\/p>\n<p>&nbsp;<\/p>\n<p>Am n\u00e4chsten Morgen wurde noch spontan die Wallfahrtskirche \u201eMaria am gr\u00fcnen Anger\u201c in der Gemeinde besichtigt, bevor man sich bei einem Kaffee von Josef und Hilda herzlich verabschiedete.<\/p>\n<p><strong>Der Ort und die Region in Ober\u00f6sterreich, vor allem aber die Dimbacher selbst, sind jederzeit eine Reise wert. Obwohl man sich zum ersten Mal pers\u00f6nlich getroffen hat war es wie ein Besuch bei guten Freunden, welcher von ganz viel Herzlichkeit und Gastfreundschaft gepr\u00e4gt war.<\/strong><\/p>\n<div id=\"attachment_633\" style=\"width: 594px\" class=\"wp-caption aligncenter\"><img loading=\"lazy\" decoding=\"async\" aria-describedby=\"caption-attachment-633\" class=\"wp-image-633 size-large\" src=\"http:\/\/dimbach-pfalz.de\/wp-content\/uploads\/2017\/10\/IMG_20171004_212032-1024x768.jpg\" alt=\"\" width=\"584\" height=\"438\"><p id=\"caption-attachment-633\" class=\"wp-caption-text\">Stellv. B\u00fcrgermeister Andreas Fenster, B\u00fcrgermeister Josef Wiesinger, OB Thomas Funck, SP\u00d6 Gemeindevorstand Manfred Fenster (v.l.) (Foto: Funck)<\/p><\/div>\n<h4>F\u00fcr das kommende Jahr ist nun ein Gegenbesuch in unserer Heimatgemeinde geplant, um auch das pf\u00e4lzische Dimbach kennen zu lernen.<\/h4>\n<h4><\/h4>\n<p>&nbsp;<\/p>\n<h4><\/h4>\n<h4>Thomas Funck, Ortsb\u00fcrgermeister<\/h4>\n<p>&nbsp;<\/p>\n<p>&nbsp;<\/p>\n","protected":false},"excerpt":{"rendered":"<p>Anfang Oktober besuchte Ortsb\u00fcrgermeister Funck mit seiner Familie das \u00f6sterreichische Dimbach. Mit seinen 1020 Einwohnern befindet es sich 150 Kilometer vor Wien und es ist das einzige von nur vier Dimbacher Orten, welches nicht in Deutschland zu finden ist. Die &hellip; <a href=\"http:\/\/dimbach-pfalz.de\/?p=596\">Weiterlesen <span class=\"meta-nav\">&rarr;<\/span><\/a><\/p>\n","protected":false},"author":2,"featured_media":0,"comment_status":"open","ping_status":"open","sticky":false,"template":"","format":"standard","meta":{"footnotes":""},"categories":[1],"tags":[],"_links":{"self":[{"href":"http:\/\/dimbach-pfalz.de\/index.php?rest_route=\/wp\/v2\/posts\/596"}],"collection":[{"href":"http:\/\/dimbach-pfalz.de\/index.php?rest_route=\/wp\/v2\/posts"}],"about":[{"href":"http:\/\/dimbach-pfalz.de\/index.php?rest_route=\/wp\/v2\/types\/post"}],"author":[{"embeddable":true,"href":"http:\/\/dimbach-pfalz.de\/index.php?rest_route=\/wp\/v2\/users\/2"}],"replies":[{"embeddable":true,"href":"http:\/\/dimbach-pfalz.de\/index.php?rest_route=%2Fwp%2Fv2%2Fcomments&post=596"}],"version-history":[{"count":41,"href":"http:\/\/dimbach-pfalz.de\/index.php?rest_route=\/wp\/v2\/posts\/596\/revisions"}],"predecessor-version":[{"id":1604,"href":"http:\/\/dimbach-pfalz.de\/index.php?rest_route=\/wp\/v2\/posts\/596\/revisions\/1604"}],"wp:attachment":[{"href":"http:\/\/dimbach-pfalz.de\/index.php?rest_route=%2Fwp%2Fv2%2Fmedia&parent=596"}],"wp:term":[{"taxonomy":"category","embeddable":true,"href":"http:\/\/dimbach-pfalz.de\/index.php?rest_route=%2Fwp%2Fv2%2Fcategories&post=596"},{"taxonomy":"post_tag","embeddable":true,"href":"http:\/\/dimbach-pfalz.de\/index.php?rest_route=%2Fwp%2Fv2%2Ftags&post=596"}],"curies":[{"name":"wp","href":"https:\/\/api.w.org\/{rel}","templated":true}]}}