{"id":539,"date":"2017-06-22T08:07:01","date_gmt":"2017-06-22T08:07:01","guid":{"rendered":"http:\/\/dimbach-pfalz.de\/?p=539"},"modified":"2019-02-18T10:29:24","modified_gmt":"2019-02-18T10:29:24","slug":"landeswettbewerb-unser-dorf-hat-zukunft","status":"publish","type":"post","link":"http:\/\/dimbach-pfalz.de\/?p=539","title":{"rendered":"Landeswettbewerb &#8222;Unser Dorf hat Zukunft&#8220;"},"content":{"rendered":"<div id=\"attachment_541\" style=\"width: 310px\" class=\"wp-caption alignright\"><img loading=\"lazy\" decoding=\"async\" aria-describedby=\"caption-attachment-541\" class=\"wp-image-541 size-medium\" src=\"http:\/\/dimbach-pfalz.de\/wp-content\/uploads\/2017\/06\/01-1-300x199.jpg\" alt=\"\" width=\"300\" height=\"199\" \/><p id=\"caption-attachment-541\" class=\"wp-caption-text\">Das Team &#8222;Dimbach&#8220; mit Verbandsb\u00fcrgermeister K\u00f6lsch, Vertretern des Landkreises S\u00fcdwestpfalz und der VG Hauenstein (Foto: Peter Herrbruck)<\/p><\/div>\n<div id=\"attachment_542\" style=\"width: 310px\" class=\"wp-caption alignleft\"><img loading=\"lazy\" decoding=\"async\" aria-describedby=\"caption-attachment-542\" class=\"wp-image-542 size-medium\" src=\"http:\/\/dimbach-pfalz.de\/wp-content\/uploads\/2017\/06\/02-2-300x199.jpg\" alt=\"\" width=\"300\" height=\"199\" \/><p id=\"caption-attachment-542\" class=\"wp-caption-text\">Ortsrundgang &#8222;Owwerdorf&#8220; (Foto: Peter Herrbruck)<\/p><\/div>\n<div id=\"attachment_543\" style=\"width: 310px\" class=\"wp-caption alignright\"><img loading=\"lazy\" decoding=\"async\" aria-describedby=\"caption-attachment-543\" class=\"wp-image-543 size-medium\" src=\"http:\/\/dimbach-pfalz.de\/wp-content\/uploads\/2017\/06\/03-300x199.jpg\" alt=\"\" width=\"300\" height=\"199\" \/><p id=\"caption-attachment-543\" class=\"wp-caption-text\">An der Dimbacher &#8222;Weed&#8220; (Foto: Peter Herrbruck)<\/p><\/div>\n<div id=\"attachment_546\" style=\"width: 310px\" class=\"wp-caption alignleft\"><img loading=\"lazy\" decoding=\"async\" aria-describedby=\"caption-attachment-546\" class=\"wp-image-546 size-medium\" src=\"http:\/\/dimbach-pfalz.de\/wp-content\/uploads\/2017\/06\/04-1-300x199.jpg\" alt=\"\" width=\"300\" height=\"199\" \/><p id=\"caption-attachment-546\" class=\"wp-caption-text\">Beim Kinderspielplatz im Neubaugebiet (Foto: Peter Herrbruck)<\/p><\/div>\n<p>Einen hervorragenden zweiten Platz in der Hauptklasse konnte unsere Heimatgemeinde am 8.Mai auf Kreisebene erreichen. Zusammen mit der Siegergemeinde Bottenbach und dem Drittplatzierten Althornbach hatte sich Dimbach f\u00fcr den folgenden Gebietsentscheid qualifiziert.<\/p>\n<p>&nbsp;<\/p>\n<p>Mit tatkr\u00e4ftiger Unterst\u00fctzung\u00a0 pr\u00e4sentierte sich am\u00a0\u00a0\u00a0\u00a0\u00a0\u00a0\u00a0 \u00a0 \u00a0\u00a0 Mittwoch, 21. Juni\u00a0 unser Heimatort bei der zweiten Runde im Gebietsentscheid. Hier wurden dann die besten Gemeinden aus den vorangegangenen Kreisentscheiden erneut bewertet. In der Region Neustadt trafen nun neben den drei Ortschaften des Landkreises S\u00fcdwestpfalz auch die Siegergemeinden der Landkreise Alzey-Worms, Kaiserslautern, Bad D\u00fcrkheim und Donnersbergkreis aufeinander.<\/p>\n<p>Bei strahlendem Sonnenschein empfing man die Kommission, sowie Vertreter des Landkreises S\u00fcdwestpfalz und der Verbandsgemeinde Hauenstein am Dorfgemeinschaftshaus. Nach der Begr\u00fc\u00dfung von Ortsb\u00fcrgermeister Funck und Verbandsb\u00fcrgermeister K\u00f6lsch wurden kurz die Projekte der letzten Jahre vorgestellt. Weiterhin gab es einen Ausblick auf Zukunftsprojekte, das b\u00fcrgerliche Engagement und das Vereinsleben im Ort. Auf dem folgenden Rundgang wurden dann die Besonderheiten wie Kirche, Museumsscheune, Dorfplatz, Naturdenkm\u00e4ler und das Neubaugebiet pr\u00e4sentiert.<\/p>\n<p>Dort konnte man am Spielplatz noch die Kindergartenkinder begr\u00fc\u00dfen, die sich hier zu einem Ausflug eingefunden hatten und unsere Gemeinde durch ein kurzes Statement von Frau K\u00f6nig unterst\u00fctzt haben.<\/p>\n<div id=\"attachment_545\" style=\"width: 310px\" class=\"wp-caption alignright\"><img loading=\"lazy\" decoding=\"async\" aria-describedby=\"caption-attachment-545\" class=\"wp-image-545 size-medium\" src=\"http:\/\/dimbach-pfalz.de\/wp-content\/uploads\/2017\/06\/05-300x199.jpg\" alt=\"\" width=\"300\" height=\"199\" \/><p id=\"caption-attachment-545\" class=\"wp-caption-text\">In der Kirche (Foto: Peter Herrbruck)<\/p><\/div>\n<p>Nach einer Abschlussrunde im Dorfgemeinschaftshaus mit einer Stellungnahme der einzelnen Juroren, verabschiedete sich die Kommission am Ende des zweist\u00fcndigen Aufenthalt aus unserer Heimatgemeinde.<\/p>\n<p>In dieser zweiten Entscheidung, die nun am 7.Juli bekannt gegeben wurde, konnten wir uns nicht unter den ersten drei Siegergemeinden platzieren. Da dies f\u00fcr den Einzug in den Landesentscheid notwendig gewesen w\u00e4re, ist nun der Wettbewerb 2017 f\u00fcr unseren Ort beendet. Bei insgesamt 78 teilnehmenden Ortschaften in der Region Neustadt trotzdem ein sch\u00f6ner Erfolg, zumal wir als eine der kleinsten Gemeinden in diesem Teilnehmerfeld mit bis zu 3000 erlaubten Einwohnern angetreten waren.<\/p>\n<p><strong><u>Das Pr\u00e4sentationsteam<\/u>:<\/strong><\/p>\n<p>Pfarrer Berthold, Christof\u00a0 Nieder, Tino Wirth, Tobias Funck als Vertreter der Jugend, sowie Herr Sprau von der Kreisverwaltung, Marianne K\u00f6nig f\u00fcr den Kindergarten und unser Fotograf\u00a0 Peter Herrbruck. Danke an das Team f\u00fcr die Unterst\u00fctzung bei der Pr\u00e4sentation unserer Heimatgemeinde und auch an die interessierten B\u00fcrger die den Rundgang begleitet haben.<\/p>\n<p>Thomas Funck, Ortsb\u00fcrgemeister<\/p>\n<div id=\"attachment_570\" style=\"width: 594px\" class=\"wp-caption aligncenter\"><img loading=\"lazy\" decoding=\"async\" aria-describedby=\"caption-attachment-570\" class=\"wp-image-570 size-large\" src=\"http:\/\/dimbach-pfalz.de\/wp-content\/uploads\/2017\/06\/17-08-08-ADD-721x1024.jpg\" alt=\"\" width=\"584\" height=\"829\" srcset=\"http:\/\/dimbach-pfalz.de\/wp-content\/uploads\/2017\/06\/17-08-08-ADD-721x1024.jpg 721w, http:\/\/dimbach-pfalz.de\/wp-content\/uploads\/2017\/06\/17-08-08-ADD-211x300.jpg 211w, http:\/\/dimbach-pfalz.de\/wp-content\/uploads\/2017\/06\/17-08-08-ADD-768x1091.jpg 768w, http:\/\/dimbach-pfalz.de\/wp-content\/uploads\/2017\/06\/17-08-08-ADD.jpg 1015w\" sizes=\"(max-width: 584px) 100vw, 584px\" \/><p id=\"caption-attachment-570\" class=\"wp-caption-text\">Dankschreiben der Aufsichts- und Dienstleistungsbeh\u00f6rde vom Juli 2017<\/p><\/div>\n","protected":false},"excerpt":{"rendered":"<p>Einen hervorragenden zweiten Platz in der Hauptklasse konnte unsere Heimatgemeinde am 8.Mai auf Kreisebene erreichen. Zusammen mit der Siegergemeinde Bottenbach und dem Drittplatzierten Althornbach hatte sich Dimbach f\u00fcr den folgenden Gebietsentscheid qualifiziert. &nbsp; Mit tatkr\u00e4ftiger Unterst\u00fctzung\u00a0 pr\u00e4sentierte sich am\u00a0\u00a0\u00a0\u00a0\u00a0\u00a0\u00a0 \u00a0 &hellip; <a href=\"http:\/\/dimbach-pfalz.de\/?p=539\">Weiterlesen <span class=\"meta-nav\">&rarr;<\/span><\/a><\/p>\n","protected":false},"author":2,"featured_media":0,"comment_status":"open","ping_status":"open","sticky":false,"template":"","format":"standard","meta":{"footnotes":""},"categories":[1],"tags":[],"_links":{"self":[{"href":"http:\/\/dimbach-pfalz.de\/index.php?rest_route=\/wp\/v2\/posts\/539"}],"collection":[{"href":"http:\/\/dimbach-pfalz.de\/index.php?rest_route=\/wp\/v2\/posts"}],"about":[{"href":"http:\/\/dimbach-pfalz.de\/index.php?rest_route=\/wp\/v2\/types\/post"}],"author":[{"embeddable":true,"href":"http:\/\/dimbach-pfalz.de\/index.php?rest_route=\/wp\/v2\/users\/2"}],"replies":[{"embeddable":true,"href":"http:\/\/dimbach-pfalz.de\/index.php?rest_route=%2Fwp%2Fv2%2Fcomments&post=539"}],"version-history":[{"count":13,"href":"http:\/\/dimbach-pfalz.de\/index.php?rest_route=\/wp\/v2\/posts\/539\/revisions"}],"predecessor-version":[{"id":945,"href":"http:\/\/dimbach-pfalz.de\/index.php?rest_route=\/wp\/v2\/posts\/539\/revisions\/945"}],"wp:attachment":[{"href":"http:\/\/dimbach-pfalz.de\/index.php?rest_route=%2Fwp%2Fv2%2Fmedia&parent=539"}],"wp:term":[{"taxonomy":"category","embeddable":true,"href":"http:\/\/dimbach-pfalz.de\/index.php?rest_route=%2Fwp%2Fv2%2Fcategories&post=539"},{"taxonomy":"post_tag","embeddable":true,"href":"http:\/\/dimbach-pfalz.de\/index.php?rest_route=%2Fwp%2Fv2%2Ftags&post=539"}],"curies":[{"name":"wp","href":"https:\/\/api.w.org\/{rel}","templated":true}]}}