{"id":1571,"date":"2023-08-22T09:11:00","date_gmt":"2023-08-22T09:11:00","guid":{"rendered":"http:\/\/dimbach-pfalz.de\/?p=1571"},"modified":"2023-08-27T09:20:38","modified_gmt":"2023-08-27T09:20:38","slug":"mitglied-des-deutschen-bundestages-zu-besuch-in-unserer-gemeinde","status":"publish","type":"post","link":"http:\/\/dimbach-pfalz.de\/?p=1571","title":{"rendered":"Mitglied des Deutschen Bundestages zu Besuch in unserer Gemeinde"},"content":{"rendered":"\n<p>Am Dienstag, 22.08.2023 war SPD Bundestagsabgeordnete Angelika Gl\u00f6ckner zu Besuch in Dimbach.<\/p>\n\n\n\n<p>Die aktuelle Sommerpause in Berlin wurde von der Abgeordneten genutzt, um in ihrem Wahlkreis mit Vertretern aus verschiedenen Gemeinde ins Gespr\u00e4ch zu gehen und auch in unserem Ort Station zu machen. Weit \u00fcber eine Stunden dauerte die Gespr\u00e4chsrunde mit Ortsb\u00fcrgermeister Thomas Funck und Beigeordnetem Christof Nieder, sowie dem ebenfalls anwesenden B\u00fcrgermeister Steffen Schwarz aus Kr\u00f6ppen im Dorfgemeinschaftshaus.<\/p>\n\n\n\n<p>Es ging dabei sowohl um aktuelle Angelegenheiten aus der Gemeinde, als auch bundespolitische Themen wie das neue Heizungsgesetz. Hier wurde vor allem angesprochen wie wichtig es f\u00fcr die Menschen in unserer Region ist, dass der Rohstoff Holz auch zuk\u00fcnftig ein relevanter Energietr\u00e4ger bleiben wird. Ein Thema war auch die oft sehr schlechte Finanzausstattung der Kommunen und das ehrenamtliche Engagement der B\u00fcrger. Welches auch in Dimbach schon seit Jahren bei der Umsetzung von Projekten ein wichtiger Bestandteil ist. F\u00fcr aktuelle Themen aus der Gemeinde fand sich in Frau Gl\u00f6ckner ebenfalls eine gute Ansprechpartnerin aufgrund ihrer Mitgliedschaft im Ausschuss f\u00fcr Soziales. Hier konnte sie wertvolle Infos zu barrierefreien Umbauten und m\u00f6glichen F\u00f6rderm\u00f6glichkeiten geben.<\/p>\n\n\n\n<figure class=\"wp-block-image size-large is-style-rounded\"><img loading=\"lazy\" decoding=\"async\" width=\"789\" height=\"1024\" src=\"http:\/\/dimbach-pfalz.de\/wp-content\/uploads\/2023\/08\/23-08-22-Gloeckner_HP-789x1024.jpg\" alt=\"\" class=\"wp-image-1572\" srcset=\"http:\/\/dimbach-pfalz.de\/wp-content\/uploads\/2023\/08\/23-08-22-Gloeckner_HP-789x1024.jpg 789w, http:\/\/dimbach-pfalz.de\/wp-content\/uploads\/2023\/08\/23-08-22-Gloeckner_HP-231x300.jpg 231w, http:\/\/dimbach-pfalz.de\/wp-content\/uploads\/2023\/08\/23-08-22-Gloeckner_HP-768x996.jpg 768w, http:\/\/dimbach-pfalz.de\/wp-content\/uploads\/2023\/08\/23-08-22-Gloeckner_HP-1184x1536.jpg 1184w, http:\/\/dimbach-pfalz.de\/wp-content\/uploads\/2023\/08\/23-08-22-Gloeckner_HP-1578x2048.jpg 1578w, http:\/\/dimbach-pfalz.de\/wp-content\/uploads\/2023\/08\/23-08-22-Gloeckner_HP.jpg 1926w\" sizes=\"(max-width: 789px) 100vw, 789px\" \/><figcaption class=\"wp-element-caption\">Beigeordneter Christof Nieder (l) und Ortsb\u00fcrgermeister Thomas Funck (r) mit Bundestagsabgeordneter Angelika Gl\u00f6cker am Dorfgemeinschaftshaus Dimbach<\/figcaption><\/figure>\n\n\n\n<p>Ein wichtiger Bestandteil des Gespr\u00e4ches waren auch die Schwierigkeiten bei der Radweganbindung von Lug nach Sarnstall. Da sich hier nun kurzfristig keine L\u00f6sung abzuzeichnen scheint, wird dies bei dem in 2024\/2025 anstehendem Baubeginn an der B10 zu einer deutlich erh\u00f6hten Gefahrenquelle im Luger Tal f\u00fchren als dies bereits jetzt schon der Fall ist. Als Abgeordnete des Deutschen Bundestages wurde Frau Gl\u00f6ckner deshalb eindringlich aufgefordert, diese wichtige Trassenanbindung nach Sarnstall politisch zu unterst\u00fctzen.<\/p>\n\n\n\n<p>Abschlie\u00dfend bleibt festzustellen, dass es ein sehr informatives und konstruktives Gespr\u00e4ch war. Gerade in dieser kleinen Runde konnten viele Angelegenheiten besprochen werden, f\u00fcr die in der Bundespolitik oft die Zeit und Ruhe fehlt.<\/p>\n","protected":false},"excerpt":{"rendered":"<p>Am Dienstag, 22.08.2023 war SPD Bundestagsabgeordnete Angelika Gl\u00f6ckner zu Besuch in Dimbach. Die aktuelle Sommerpause in Berlin wurde von der Abgeordneten genutzt, um in ihrem Wahlkreis mit Vertretern aus verschiedenen Gemeinde ins Gespr\u00e4ch zu gehen und auch in unserem Ort &hellip; <a href=\"http:\/\/dimbach-pfalz.de\/?p=1571\">Weiterlesen <span class=\"meta-nav\">&rarr;<\/span><\/a><\/p>\n","protected":false},"author":2,"featured_media":0,"comment_status":"open","ping_status":"open","sticky":false,"template":"","format":"standard","meta":{"footnotes":""},"categories":[1],"tags":[],"_links":{"self":[{"href":"http:\/\/dimbach-pfalz.de\/index.php?rest_route=\/wp\/v2\/posts\/1571"}],"collection":[{"href":"http:\/\/dimbach-pfalz.de\/index.php?rest_route=\/wp\/v2\/posts"}],"about":[{"href":"http:\/\/dimbach-pfalz.de\/index.php?rest_route=\/wp\/v2\/types\/post"}],"author":[{"embeddable":true,"href":"http:\/\/dimbach-pfalz.de\/index.php?rest_route=\/wp\/v2\/users\/2"}],"replies":[{"embeddable":true,"href":"http:\/\/dimbach-pfalz.de\/index.php?rest_route=%2Fwp%2Fv2%2Fcomments&post=1571"}],"version-history":[{"count":4,"href":"http:\/\/dimbach-pfalz.de\/index.php?rest_route=\/wp\/v2\/posts\/1571\/revisions"}],"predecessor-version":[{"id":1576,"href":"http:\/\/dimbach-pfalz.de\/index.php?rest_route=\/wp\/v2\/posts\/1571\/revisions\/1576"}],"wp:attachment":[{"href":"http:\/\/dimbach-pfalz.de\/index.php?rest_route=%2Fwp%2Fv2%2Fmedia&parent=1571"}],"wp:term":[{"taxonomy":"category","embeddable":true,"href":"http:\/\/dimbach-pfalz.de\/index.php?rest_route=%2Fwp%2Fv2%2Fcategories&post=1571"},{"taxonomy":"post_tag","embeddable":true,"href":"http:\/\/dimbach-pfalz.de\/index.php?rest_route=%2Fwp%2Fv2%2Ftags&post=1571"}],"curies":[{"name":"wp","href":"https:\/\/api.w.org\/{rel}","templated":true}]}}